{"id":206523,"date":"2019-04-09T19:34:22","date_gmt":"2019-04-09T19:34:22","guid":{"rendered":"https:\/\/unicumhaz.hu\/?p=206523"},"modified":"2024-04-10T10:03:32","modified_gmt":"2024-04-10T10:03:32","slug":"4-vitrin","status":"publish","type":"post","link":"https:\/\/unicumhaz.hu\/en\/4-vitrin\/","title":{"rendered":"Show Case 4"},"content":{"rendered":"<div id=\"fws_69f220dcad66e\"  data-column-margin=\"default\" data-midnight=\"dark\"  class=\"wpb_row vc_row-fluid vc_row\"  style=\"padding-top: 0px; padding-bottom: 0px; \"><div class=\"row-bg-wrap\" data-bg-animation=\"none\" data-bg-animation-delay=\"\" data-bg-overlay=\"false\"><div class=\"inner-wrap row-bg-layer\" ><div class=\"row-bg viewport-desktop\"  style=\"\"><\/div><\/div><\/div><div class=\"row_col_wrap_12 col span_12 dark left\">\n\t<div  class=\"vc_col-sm-12 wpb_column column_container vc_column_container col no-extra-padding\"  data-padding-pos=\"all\" data-has-bg-color=\"false\" data-bg-color=\"\" data-bg-opacity=\"1\" data-animation=\"\" data-delay=\"0\" >\n\t\t<div class=\"vc_column-inner\" >\n\t\t\t<div class=\"wpb_wrapper\">\n\t\t\t\t\n<div class=\"wpb_text_column wpb_content_element\" >\n\t<div class=\"wpb_wrapper\">\n\t\t<p>A fels\u0151 polcon lev\u0151 \u00fajs\u00e1gcikk a F\u00fcggetlen Magyarorsz\u00e1g 1906. m\u00e1rcius 15-i sz\u00e1m\u00e1ban jelent meg, s arr\u00f3l tan\u00faskodik, hogy a c\u00e9g m\u00e9lt\u00e1n viseli a Cs\u00e1sz\u00e1ri \u00e9s Kir\u00e1lyi Udvari Sz\u00e1ll\u00edt\u00f3 c\u00edmet.<\/p>\n<p>A k\u00f6z\u00e9ps\u0151 polcon lev\u0151 f\u00e9nyk\u00e9pek a gy\u00e1r\u00e9p\u00fclet korabeli k\u00fclsej\u00e9t mutatj\u00e1k, \u00e9s ha kin\u00e9z az ablakon, l\u00e1thatja, hogy az az elm\u00falt \u00e9vsz\u00e1zad alatt nem sokat v\u00e1ltozott. A k\u00e9pek el\u0151tti gerendadarab az eredeti \u00e9p\u00fcletb\u0151l sz\u00e1rmazik, \u00e9s a 2004-es restaur\u00e1ci\u00f3 sor\u00e1n ker\u00fclt a m\u00fazeumba.<\/p>\n<p>Az als\u00f3 polc ker\u00e1miat\u00e1lc\u00e1j\u00e1n l\u00e1that\u00f3 az els\u0151 mini palackok egyike.<\/p>\n<p>Az 1900-as \u00e9vek elej\u00e9n a k\u00e1v\u00e9h\u00e1zakban \u00e9s \u00e9ttermekben haszn\u00e1lt k\u00e9pes sz\u00e1mol\u00f3c\u00e9dul\u00e1k a rekl\u00e1m hat\u00e1sos \u00e9s viszonylag olcs\u00f3 eszk\u00f6zei voltak. Ezen ritka p\u00e9ld\u00e1nyokb\u00f3l l\u00e1that\u00f3 n\u00e9h\u00e1ny a vitrinben. A c\u00e9dula egyik fele \u00fcres volt, erre \u00edrtak a pinc\u00e9rek, a m\u00e1sik fel\u00e9n pedig a c\u00e9g term\u00e9keinek m\u0171v\u00e9szien kivitelezett hirdet\u00e9se volt.<\/p>\n<p><strong>A vitrinen l\u00e9v\u0151 QR k\u00f3d<\/strong> seg\u00edts\u00e9g\u00e9vel \u00f6sszehasonl\u00edthatja a gy\u00e1r\u00e9p\u00fcletet akkor \u00e9s most.<\/p>\n\t<\/div>\n<\/div>\n\n\n\n\n\t\t\t<\/div> \n\t\t<\/div>\n\t<\/div> \n<\/div><\/div>","protected":false},"excerpt":{"rendered":"A fels\u0151 polcon lev\u0151 \u00fajs\u00e1gcikk a F\u00fcggetlen Magyarorsz\u00e1g 1906. m\u00e1rcius 15-i sz\u00e1m\u00e1ban jelent meg, s...","protected":false},"author":1,"featured_media":206178,"comment_status":"closed","ping_status":"closed","sticky":false,"template":"","format":"standard","meta":{"_monsterinsights_skip_tracking":false,"_monsterinsights_sitenote_active":false,"_monsterinsights_sitenote_note":"","_monsterinsights_sitenote_category":0,"footnotes":""},"categories":[107],"tags":[],"class_list":{"0":"post-206523","1":"post","2":"type-post","3":"status-publish","4":"format-standard","5":"has-post-thumbnail","7":"category-vitrinek"},"_links":{"self":[{"href":"https:\/\/unicumhaz.hu\/en\/wp-json\/wp\/v2\/posts\/206523","targetHints":{"allow":["GET"]}}],"collection":[{"href":"https:\/\/unicumhaz.hu\/en\/wp-json\/wp\/v2\/posts"}],"about":[{"href":"https:\/\/unicumhaz.hu\/en\/wp-json\/wp\/v2\/types\/post"}],"author":[{"embeddable":true,"href":"https:\/\/unicumhaz.hu\/en\/wp-json\/wp\/v2\/users\/1"}],"replies":[{"embeddable":true,"href":"https:\/\/unicumhaz.hu\/en\/wp-json\/wp\/v2\/comments?post=206523"}],"version-history":[{"count":3,"href":"https:\/\/unicumhaz.hu\/en\/wp-json\/wp\/v2\/posts\/206523\/revisions"}],"predecessor-version":[{"id":211415,"href":"https:\/\/unicumhaz.hu\/en\/wp-json\/wp\/v2\/posts\/206523\/revisions\/211415"}],"wp:featuredmedia":[{"embeddable":true,"href":"https:\/\/unicumhaz.hu\/en\/wp-json\/wp\/v2\/media\/206178"}],"wp:attachment":[{"href":"https:\/\/unicumhaz.hu\/en\/wp-json\/wp\/v2\/media?parent=206523"}],"wp:term":[{"taxonomy":"category","embeddable":true,"href":"https:\/\/unicumhaz.hu\/en\/wp-json\/wp\/v2\/categories?post=206523"},{"taxonomy":"post_tag","embeddable":true,"href":"https:\/\/unicumhaz.hu\/en\/wp-json\/wp\/v2\/tags?post=206523"}],"curies":[{"name":"wp","href":"https:\/\/api.w.org\/{rel}","templated":true}]}}