{"id":206544,"date":"2019-04-09T20:56:39","date_gmt":"2019-04-09T20:56:39","guid":{"rendered":"https:\/\/unicumhaz.hu\/?p=206544"},"modified":"2024-04-10T10:10:38","modified_gmt":"2024-04-10T10:10:38","slug":"11-vitrin","status":"publish","type":"post","link":"https:\/\/unicumhaz.hu\/en\/11-vitrin\/","title":{"rendered":"Show Case 11"},"content":{"rendered":"<div id=\"fws_69f5242b71177\"  data-column-margin=\"default\" data-midnight=\"dark\"  class=\"wpb_row vc_row-fluid vc_row\"  style=\"padding-top: 0px; padding-bottom: 0px; \"><div class=\"row-bg-wrap\" data-bg-animation=\"none\" data-bg-animation-delay=\"\" data-bg-overlay=\"false\"><div class=\"inner-wrap row-bg-layer\" ><div class=\"row-bg viewport-desktop\"  style=\"\"><\/div><\/div><\/div><div class=\"row_col_wrap_12 col span_12 dark left\">\n\t<div  class=\"vc_col-sm-12 wpb_column column_container vc_column_container col no-extra-padding\"  data-padding-pos=\"all\" data-has-bg-color=\"false\" data-bg-color=\"\" data-bg-opacity=\"1\" data-animation=\"\" data-delay=\"0\" >\n\t\t<div class=\"vc_column-inner\" >\n\t\t\t<div class=\"wpb_wrapper\">\n\t\t\t\t\n<div class=\"wpb_text_column wpb_content_element\" >\n\t<div class=\"wpb_wrapper\">\n\t\t<p>A vitrin fels\u0151 polc\u00e1n lev\u0151 csal\u00e1di f\u00e9nyk\u00e9p h\u00e1ts\u00f3 sor\u00e1ban Zwack Lajos 5 gyermeke l\u00e1that\u00f3: J\u00e1nos, Lili, M\u00e1ria, Margit \u00e9s B\u00e9la &#8211; el\u0151tt\u00fck unokatestv\u00e9reik. A k\u00f6z\u00e9ps\u0151 polc 2-es sz\u00e1m\u00fa k\u00e9pein Zwack P\u00e9ter l\u00e1that\u00f3 sz\u00fcleivel, Zwack J\u00e1nossal \u00e9s Wahl Ver\u00e1val, \u00e9desapja portr\u00e9ja, \u00e9s egy k\u00fcl\u00f6nleges fot\u00f3, melyen Zwack P\u00e9ter \u00e9let\u00e9ben el\u0151sz\u00f6r \u00e9s utolj\u00e1ra tart kez\u00e9ben vad\u00e1szpusk\u00e1t. Amikor megsebes\u00edtett egy nyulat a vad\u00e1szat alkalm\u00e1val, \u00fagy k\u00e9ts\u00e9gbe esett, hogy soha t\u00f6bb\u00e9 nem s\u00fct\u00f6tt el fegyvert.<\/p>\n<p>Zwack P\u00e9ter egyik nagyn\u00e9nj\u00e9nek, Zwack M\u00e1ri\u00e1nak (Micinek) fot\u00f3j\u00e1t jel\u00f6li a 3-es sz\u00e1m az als\u00f3 polcon. A fiatal l\u00e1nyt egy ausztriai szanat\u00f3riumba k\u00fcldt\u00e9k, ahol Ady Endr\u00e9vel tal\u00e1lkozott, mivel a h\u00edres k\u00f6lt\u0151t is ott gy\u00f3gykezelt\u00e9k \u00e9ppen. A k\u00f6lt\u0151 beleszeretett a Zwack l\u00e1nyba, err\u0151l sz\u00e1mos vers tan\u00faskodik, melyben a k\u00f6lt\u0151 a babiloni szerelem-istenn\u0151r\u0151l, Mylitt\u00e1r\u00f3l nevezte el m\u00fazs\u00e1j\u00e1t. A vitrinben Ady Mylitta-versciklus\u00e1nak egy-egy darabj\u00e1t l\u00e1tja.<\/p>\n<p>A vitrinben l\u00e1that\u00f3 ruhadarab Zwack Mici d\u00edszmagyar mell\u00e9nye, e nemzeti \u00f6lt\u00f6z\u00e9ket Zwack P\u00e9ter feles\u00e9g\u00e9re, Anne Marshallra hagyta, aki a sarokban l\u00e1that\u00f3 f\u00e9nyk\u00e9p szerint is \u00f6r\u00f6mmel \u00e9s b\u00fcszk\u00e9n viselte azt. A t\u00faloldali falon Mici k\u00e9zzel h\u00edmzett d\u00edszes magyar mell\u00e9ny\u00e9t l\u00e1thatj\u00e1k bekeretezve, amit eljegyz\u00e9sekor\u00a0viselt 1907-ben, amikor 17 \u00e9ves volt.<\/p>\n<p>A vitrinben elsz\u00f3rtan tal\u00e1lhat\u00f3k szem\u00e9lyes dokumentumok, valamint Zwack B\u00e9la ez\u00fcst bork\u00f3stol\u00f3 ed\u00e9nye \u00e9s gyermekkori cip\u0151je.<\/p>\n<p><strong>Olvassa be a QR k\u00f3dot \u00e9s tekintsen meg <\/strong>m\u00e9g t\u00f6bb Zwack csal\u00e1di fot\u00f3t!<\/p>\n\t<\/div>\n<\/div>\n\n\n\n\n\t\t\t<\/div> \n\t\t<\/div>\n\t<\/div> \n<\/div><\/div>","protected":false},"excerpt":{"rendered":"A vitrin fels\u0151 polc\u00e1n lev\u0151 csal\u00e1di f\u00e9nyk\u00e9p h\u00e1ts\u00f3 sor\u00e1ban Zwack Lajos 5 gyermeke l\u00e1that\u00f3: J\u00e1nos,...","protected":false},"author":1,"featured_media":206121,"comment_status":"closed","ping_status":"closed","sticky":false,"template":"","format":"standard","meta":{"_monsterinsights_skip_tracking":false,"_monsterinsights_sitenote_active":false,"_monsterinsights_sitenote_note":"","_monsterinsights_sitenote_category":0,"footnotes":""},"categories":[107],"tags":[],"class_list":{"0":"post-206544","1":"post","2":"type-post","3":"status-publish","4":"format-standard","5":"has-post-thumbnail","7":"category-vitrinek"},"_links":{"self":[{"href":"https:\/\/unicumhaz.hu\/en\/wp-json\/wp\/v2\/posts\/206544","targetHints":{"allow":["GET"]}}],"collection":[{"href":"https:\/\/unicumhaz.hu\/en\/wp-json\/wp\/v2\/posts"}],"about":[{"href":"https:\/\/unicumhaz.hu\/en\/wp-json\/wp\/v2\/types\/post"}],"author":[{"embeddable":true,"href":"https:\/\/unicumhaz.hu\/en\/wp-json\/wp\/v2\/users\/1"}],"replies":[{"embeddable":true,"href":"https:\/\/unicumhaz.hu\/en\/wp-json\/wp\/v2\/comments?post=206544"}],"version-history":[{"count":4,"href":"https:\/\/unicumhaz.hu\/en\/wp-json\/wp\/v2\/posts\/206544\/revisions"}],"predecessor-version":[{"id":211419,"href":"https:\/\/unicumhaz.hu\/en\/wp-json\/wp\/v2\/posts\/206544\/revisions\/211419"}],"wp:featuredmedia":[{"embeddable":true,"href":"https:\/\/unicumhaz.hu\/en\/wp-json\/wp\/v2\/media\/206121"}],"wp:attachment":[{"href":"https:\/\/unicumhaz.hu\/en\/wp-json\/wp\/v2\/media?parent=206544"}],"wp:term":[{"taxonomy":"category","embeddable":true,"href":"https:\/\/unicumhaz.hu\/en\/wp-json\/wp\/v2\/categories?post=206544"},{"taxonomy":"post_tag","embeddable":true,"href":"https:\/\/unicumhaz.hu\/en\/wp-json\/wp\/v2\/tags?post=206544"}],"curies":[{"name":"wp","href":"https:\/\/api.w.org\/{rel}","templated":true}]}}