{"id":206553,"date":"2019-04-09T20:59:28","date_gmt":"2019-04-09T20:59:28","guid":{"rendered":"https:\/\/unicumhaz.hu\/?p=206553"},"modified":"2024-04-10T10:15:17","modified_gmt":"2024-04-10T10:15:17","slug":"14-vitrin","status":"publish","type":"post","link":"https:\/\/unicumhaz.hu\/en\/14-vitrin\/","title":{"rendered":"Show Case 14"},"content":{"rendered":"<div id=\"fws_69f523801ee49\"  data-column-margin=\"default\" data-midnight=\"dark\"  class=\"wpb_row vc_row-fluid vc_row\"  style=\"padding-top: 0px; padding-bottom: 0px; \"><div class=\"row-bg-wrap\" data-bg-animation=\"none\" data-bg-animation-delay=\"\" data-bg-overlay=\"false\"><div class=\"inner-wrap row-bg-layer\" ><div class=\"row-bg viewport-desktop\"  style=\"\"><\/div><\/div><\/div><div class=\"row_col_wrap_12 col span_12 dark left\">\n\t<div  class=\"vc_col-sm-12 wpb_column column_container vc_column_container col no-extra-padding\"  data-padding-pos=\"all\" data-has-bg-color=\"false\" data-bg-color=\"\" data-bg-opacity=\"1\" data-animation=\"\" data-delay=\"0\" >\n\t\t<div class=\"vc_column-inner\" >\n\t\t\t<div class=\"wpb_wrapper\">\n\t\t\t\t\n<div class=\"wpb_text_column wpb_content_element\" >\n\t<div class=\"wpb_wrapper\">\n\t\t<p>Az 1948-ban hatalomra jutott kommunista korm\u00e1ny k\u00e1rtalan\u00edt\u00e1s n\u00e9lk\u00fcl \u00e1llamos\u00edtotta a Zwack gy\u00e1rat, ez\u00e9rt Zwack J\u00e1nos k\u00e9nytelen volt menek\u00fclni, elhagyni Magyarorsz\u00e1got.\u00a0 Egy szovjet katonai teheraut\u00f3 sof\u0151rj\u00e9t megvesztegetve, egy leford\u00edtott hord\u00f3 alatt rejt\u0151zve menek\u00fclt \u00e1t az osztr\u00e1k hat\u00e1ron, semmit nem vitt mag\u00e1val, csak az Unicum titkos receptj\u00e9t a bels\u0151 zseb\u00e9ben. Zwack P\u00e9tert \u00e9desapja m\u00e9g az \u00e1llamos\u00edt\u00e1s el\u0151tt kimenek\u00edtette, feltette egy jugoszl\u00e1v hat\u00e1r fel\u00e9 tart\u00f3 vonatra. A fiatal Zwack P\u00e9ter a hat\u00e1r el\u0151tt lesz\u00e1llt \u00e9s gyalog menek\u00fclt tov\u00e1bb, \u00e9jszaka gyalogolt, nappal elrejt\u0151z\u00f6tt \u00e9s aludt, \u00edgy \u00e9rt el Olaszorsz\u00e1gba, a trieszti kik\u00f6t\u0151be. Egy ideig Olaszorsz\u00e1gban maradt, R\u00f3m\u00e1ban \u00e1ll\u00e1st tal\u00e1lt, nappal hord\u00f3kat mosott egy gy\u00e1rban, \u00e9jjel meg \u00e9lte a fiatalok \u00e9let\u00e9t, eg\u00e9szen addig, m\u00edg \u00e9desapja Ausztri\u00e1n kereszt\u00fcl meg nem \u00e9rkezett, \u00e9s csatlakozott fi\u00e1hoz. Haj\u00f3val menek\u00fcltek tov\u00e1bb New Yorkba, ahol Ellis Islandon hontalan menek\u00fcltk\u00e9nt intern\u00e1lt\u00e1k \u0151ket.\u00a0 A vitrin als\u00f3 polc\u00e1n l\u00e9v\u0151 k\u00e9pen a fiatal Zwack P\u00e9tert l\u00e1thatja, a menek\u00fcltt\u00e1bor ker\u00edt\u00e9se el\u0151tt \u00e1llva, h\u00e1tt\u00e9rben a New Yorki felh\u0151karcol\u00f3kkal. Zwack P\u00e9ter \u00e9desapj\u00e1val New Yorkban telepedett le, itt csatlakozott hozz\u00e1juk k\u00e9s\u0151bb \u00e9desanyja, Vera is.<\/p>\n<p>Ek\u00f6zben Zwack B\u00e9la \u00e9s feles\u00e9ge, D\u00f3ra Magyarorsz\u00e1gon maradtak. Zwack B\u00e9la az \u00e1llamos\u00edtott gy\u00e1r alkalmazottja lett, \u00e9sb\u00edzva abban, hogy a kialakult helyzet csak \u00e1tmeneti, az Unicum egy hamis, nem teljes receptj\u00e9t adta \u00e1t az \u00faj vezet\u00e9snek. B\u00e9l\u00e1r\u00f3l \u00e9s feles\u00e9g\u00e9r\u0151l, a k\u00f6z\u00e9ps\u0151 polc h\u00e1tter\u00e9n l\u00e1that k\u00e9peket. 1951-ben azonban oszt\u00e1lyidegenk\u00e9nt kitelep\u00edtett\u00e9k \u0151ket P\u00e1szt\u00f3ra, \u00e1tk\u00e9pz\u00e9sre, mez\u0151gazdas\u00e1gi munk\u00e1snak. Ezt az id\u0151szakot is a k\u00f6z\u00e9ps\u0151 polc k\u00e9pei mutatj\u00e1k. A kitelep\u00edt\u00e9s \u00e9vei ut\u00e1n B\u00e9la \u00e9s Dod\u00f3 n\u00e9ni t\u00f6bbsz\u00f6ri pr\u00f3b\u00e1lkoz\u00e1st k\u00f6vet\u0151en, ritkas\u00e1gsz\u00e1mba men\u0151en, 1955-ben enged\u00e9lyt kapott az orsz\u00e1g v\u00e9gleges elhagy\u00e1s\u00e1ra.<\/p>\n<p>A vitrin bal oldal\u00e1n a h\u00e1bor\u00fas puszt\u00edt\u00e1s ut\u00e1n helyre\u00e1ll\u00edtott gy\u00e1r, \u00e9s n\u00e9h\u00e1ny akkor gy\u00e1rtott term\u00e9k l\u00e1that\u00f3. Az als\u00f3 polcon a szeszesital gy\u00e1rt\u00f3k k\u00f6zponti ir\u00e1ny\u00edt\u00e1s al\u00e1 von\u00e1s\u00e1ra\u00a0 vonatkoz\u00f3 okm\u00e1nyokat l\u00e1that. Azt is r\u00f6gz\u00edtett\u00e9k, hogy az egyes\u00edt\u00e9si folyamatban egyetlen dolgoz\u00f3 sem fogja elvesz\u00edteni\u00a0 \u00e1ll\u00e1s\u00e1t. A szocializmusban hivatalosan nem volt munkan\u00e9lk\u00fclis\u00e9g, csak el\u0151fordult, hogy egy ember munk\u00e1j\u00e1ra h\u00e1rmat alkalmaztak.<\/p>\n<p>A kor egyik jellegzetes mozgalmi dal\u00e1t a vitrin melletti zenelej\u00e1tsz\u00f3 z\u00f6ld gombj\u00e1nak megnyom\u00e1s\u00e1val hallgathatja meg.<\/p>\n<p><strong>A vitrinen l\u00e9v\u0151 fels\u0151 QR k\u00f3d<\/strong> beolvas\u00e1s\u00e1val meghallgathatja hogy viszonyult egym\u00e1shoz Zwack J\u00e1nos \u00e9s Zwack B\u00e9la.<\/p>\n<p><strong>Az als\u00f3 QR k\u00f3d<\/strong> seg\u00edts\u00e9g\u00e9vel pedig megtekintheti, hogyan k\u00e9sz\u00fclt a \u201ehamis\u201d Unicum az \u201950-es \u00e9vekben.<\/p>\n\t<\/div>\n<\/div>\n\n\n\n\n\t\t\t<\/div> \n\t\t<\/div>\n\t<\/div> \n<\/div><\/div>","protected":false},"excerpt":{"rendered":"Az 1948-ban hatalomra jutott kommunista korm\u00e1ny k\u00e1rtalan\u00edt\u00e1s n\u00e9lk\u00fcl \u00e1llamos\u00edtotta a Zwack gy\u00e1rat, ez\u00e9rt Zwack J\u00e1nos...","protected":false},"author":1,"featured_media":206112,"comment_status":"closed","ping_status":"closed","sticky":false,"template":"","format":"standard","meta":{"_monsterinsights_skip_tracking":false,"_monsterinsights_sitenote_active":false,"_monsterinsights_sitenote_note":"","_monsterinsights_sitenote_category":0,"footnotes":""},"categories":[107],"tags":[],"class_list":{"0":"post-206553","1":"post","2":"type-post","3":"status-publish","4":"format-standard","5":"has-post-thumbnail","7":"category-vitrinek"},"_links":{"self":[{"href":"https:\/\/unicumhaz.hu\/en\/wp-json\/wp\/v2\/posts\/206553","targetHints":{"allow":["GET"]}}],"collection":[{"href":"https:\/\/unicumhaz.hu\/en\/wp-json\/wp\/v2\/posts"}],"about":[{"href":"https:\/\/unicumhaz.hu\/en\/wp-json\/wp\/v2\/types\/post"}],"author":[{"embeddable":true,"href":"https:\/\/unicumhaz.hu\/en\/wp-json\/wp\/v2\/users\/1"}],"replies":[{"embeddable":true,"href":"https:\/\/unicumhaz.hu\/en\/wp-json\/wp\/v2\/comments?post=206553"}],"version-history":[{"count":3,"href":"https:\/\/unicumhaz.hu\/en\/wp-json\/wp\/v2\/posts\/206553\/revisions"}],"predecessor-version":[{"id":211420,"href":"https:\/\/unicumhaz.hu\/en\/wp-json\/wp\/v2\/posts\/206553\/revisions\/211420"}],"wp:featuredmedia":[{"embeddable":true,"href":"https:\/\/unicumhaz.hu\/en\/wp-json\/wp\/v2\/media\/206112"}],"wp:attachment":[{"href":"https:\/\/unicumhaz.hu\/en\/wp-json\/wp\/v2\/media?parent=206553"}],"wp:term":[{"taxonomy":"category","embeddable":true,"href":"https:\/\/unicumhaz.hu\/en\/wp-json\/wp\/v2\/categories?post=206553"},{"taxonomy":"post_tag","embeddable":true,"href":"https:\/\/unicumhaz.hu\/en\/wp-json\/wp\/v2\/tags?post=206553"}],"curies":[{"name":"wp","href":"https:\/\/api.w.org\/{rel}","templated":true}]}}